{"id":5742,"date":"2024-04-02T15:55:53","date_gmt":"2024-04-02T15:55:53","guid":{"rendered":"https:\/\/catalogostemmujer.comillas.edu\/?p=5742"},"modified":"2024-04-03T21:27:29","modified_gmt":"2024-04-03T21:27:29","slug":"espejito-espejito-por-que-veo-mi-reflejo","status":"publish","type":"post","link":"https:\/\/catalogostemmujer.comillas.edu\/?p=5742","title":{"rendered":"Espejito, espejito&#8230;\u00bfpor qu\u00e9 veo mi reflejo?"},"content":{"rendered":"\t\t<div data-elementor-type=\"wp-post\" data-elementor-id=\"5742\" class=\"elementor elementor-5742\">\n\t\t\t\t\t\t<section class=\"elementor-section elementor-top-section elementor-element elementor-element-fbef6e4 elementor-section-boxed elementor-section-height-default elementor-section-height-default\" data-id=\"fbef6e4\" data-element_type=\"section\" data-e-type=\"section\">\n\t\t\t\t\t\t<div class=\"elementor-container elementor-column-gap-default\">\n\t\t\t\t\t<div class=\"elementor-column elementor-col-50 elementor-top-column elementor-element elementor-element-e2d35b7\" data-id=\"e2d35b7\" data-element_type=\"column\" data-e-type=\"column\">\n\t\t\t<div class=\"elementor-widget-wrap elementor-element-populated\">\n\t\t\t\t\t\t<div class=\"elementor-element elementor-element-02d2df8 elementor-widget elementor-widget-image\" data-id=\"02d2df8\" data-element_type=\"widget\" data-e-type=\"widget\" data-widget_type=\"image.default\">\n\t\t\t\t<div class=\"elementor-widget-container\">\n\t\t\t\t\t\t\t\t\t\t\t\t\t\t\t<img fetchpriority=\"high\" decoding=\"async\" width=\"724\" height=\"1024\" src=\"https:\/\/catalogostemmujer.comillas.edu\/wp-content\/uploads\/sites\/13\/2024\/04\/PORTADALa-luz-y-su-comportamiento-1o-ciclo-724x1024.jpg\" class=\"attachment-large size-large wp-image-5757\" alt=\"\" srcset=\"https:\/\/catalogostemmujer.comillas.edu\/wp-content\/uploads\/sites\/13\/2024\/04\/PORTADALa-luz-y-su-comportamiento-1o-ciclo-724x1024.jpg 724w, https:\/\/catalogostemmujer.comillas.edu\/wp-content\/uploads\/sites\/13\/2024\/04\/PORTADALa-luz-y-su-comportamiento-1o-ciclo-212x300.jpg 212w, https:\/\/catalogostemmujer.comillas.edu\/wp-content\/uploads\/sites\/13\/2024\/04\/PORTADALa-luz-y-su-comportamiento-1o-ciclo-768x1086.jpg 768w, https:\/\/catalogostemmujer.comillas.edu\/wp-content\/uploads\/sites\/13\/2024\/04\/PORTADALa-luz-y-su-comportamiento-1o-ciclo-1086x1536.jpg 1086w, https:\/\/catalogostemmujer.comillas.edu\/wp-content\/uploads\/sites\/13\/2024\/04\/PORTADALa-luz-y-su-comportamiento-1o-ciclo.jpg 1414w\" sizes=\"(max-width: 724px) 100vw, 724px\" \/>\t\t\t\t\t\t\t\t\t\t\t\t\t\t\t<\/div>\n\t\t\t\t<\/div>\n\t\t\t\t\t<\/div>\n\t\t<\/div>\n\t\t\t\t<div class=\"elementor-column elementor-col-50 elementor-top-column elementor-element elementor-element-68cf9ce\" data-id=\"68cf9ce\" data-element_type=\"column\" data-e-type=\"column\">\n\t\t\t<div class=\"elementor-widget-wrap elementor-element-populated\">\n\t\t\t\t\t\t<div class=\"elementor-element elementor-element-3552698 elementor-widget elementor-widget-text-editor\" data-id=\"3552698\" data-element_type=\"widget\" data-e-type=\"widget\" data-widget_type=\"text-editor.default\">\n\t\t\t\t<div class=\"elementor-widget-container\">\n\t\t\t\t\t\t\t\t\t<p><strong>Ciclo<\/strong>: 1\u00ba ciclo de Primaria.<\/p><p><strong>Contenidos asociados<\/strong>: Ciencias de la Naturaleza y Tecnolog\u00eda.\u00a0<\/p><p><span style=\"font-weight: bold\">Gu\u00eda para el profesor<\/span>: Instrucciones y consejos para llevar a cabo el taller de manera independiente en el aula.<\/p>\t\t\t\t\t\t\t\t<\/div>\n\t\t\t\t<\/div>\n\t\t\t\t\t<\/div>\n\t\t<\/div>\n\t\t\t\t\t<\/div>\n\t\t<\/section>\n\t\t\t\t<section class=\"elementor-section elementor-top-section elementor-element elementor-element-b4eff19 elementor-section-boxed elementor-section-height-default elementor-section-height-default\" data-id=\"b4eff19\" data-element_type=\"section\" data-e-type=\"section\">\n\t\t\t\t\t\t<div class=\"elementor-container elementor-column-gap-default\">\n\t\t\t\t\t<div class=\"elementor-column elementor-col-100 elementor-top-column elementor-element elementor-element-eb9a152\" data-id=\"eb9a152\" data-element_type=\"column\" data-e-type=\"column\">\n\t\t\t<div class=\"elementor-widget-wrap elementor-element-populated\">\n\t\t\t\t\t\t<div class=\"elementor-element elementor-element-7fbea4f elementor-widget elementor-widget-text-editor\" data-id=\"7fbea4f\" data-element_type=\"widget\" data-e-type=\"widget\" data-widget_type=\"text-editor.default\">\n\t\t\t\t<div class=\"elementor-widget-container\">\n\t\t\t\t\t\t\t\t\t<p style=\"font-size: 16px;font-style: normal\"><span style=\"background-color: var(--ast-global-color-5);color: var(--ast-global-color-3);font-size: 1rem\"><span style=\"font-weight: bold\">Descripci\u00f3n:<\/span><\/span><span style=\"font-family: Calibri, Calibri_MSFontService, sans-serif;font-size: 12pt;font-style: inherit;background-color: var(--ast-global-color-5);color: var(--ast-global-color-3)\">\u00a0<\/span><\/p><div class=\"page\" title=\"Page 3\"><div class=\"section\"><div class=\"layoutArea\"><div class=\"column\"><p><span class=\"OYPEnA text-decoration-none text-strikethrough-none\" style=\"color: #000000\">En estas sesiones se trabaja la luz como fuente de energ\u00eda y su comportamiento f\u00edsico frente a distintos materiales. Se pretende crear un clima de intercambio en el que el alumnado comparta experiencias y se sienta motivado e implicado a partir de un reto\/problema. Por esta raz\u00f3n se ha escogida una tem\u00e1tica atractiva <\/span><span class=\"OYPEnA text-decoration-none text-strikethrough-none\" style=\"color: #08b8bf;font-weight: bold\">(Disney) <\/span><span class=\"OYPEnA text-decoration-none text-strikethrough-none\" style=\"color: #000000\">que persigue involucrar a los alumnos conectando emoci\u00f3n y cognici\u00f3n.<\/span><\/p><\/div><\/div><\/div><\/div>\t\t\t\t\t\t\t\t<\/div>\n\t\t\t\t<\/div>\n\t\t\t\t\t<\/div>\n\t\t<\/div>\n\t\t\t\t\t<\/div>\n\t\t<\/section>\n\t\t\t\t<section class=\"elementor-section elementor-top-section elementor-element elementor-element-2455cc1 elementor-section-boxed elementor-section-height-default elementor-section-height-default\" data-id=\"2455cc1\" data-element_type=\"section\" data-e-type=\"section\">\n\t\t\t\t\t\t<div class=\"elementor-container elementor-column-gap-default\">\n\t\t\t\t\t<div class=\"elementor-column elementor-col-100 elementor-top-column elementor-element elementor-element-f6a32c5\" data-id=\"f6a32c5\" data-element_type=\"column\" data-e-type=\"column\">\n\t\t\t<div class=\"elementor-widget-wrap elementor-element-populated\">\n\t\t\t\t\t\t<div class=\"elementor-element elementor-element-c1d13d2 elementor-widget elementor-widget-text-editor\" data-id=\"c1d13d2\" data-element_type=\"widget\" data-e-type=\"widget\" data-widget_type=\"text-editor.default\">\n\t\t\t\t<div class=\"elementor-widget-container\">\n\t\t\t\t\t\t\t\t\t<p style=\"font-size: 16px;font-style: normal\"><span style=\"background-color: var(--ast-global-color-5);color: var(--ast-global-color-3);font-size: 1rem\"><span style=\"font-weight: bold\">Objetivos:<\/span><\/span><\/p><ul><li class=\"cvGsUA direction-ltr align-justify para-style-body\"><span class=\"OYPEnA text-decoration-none text-strikethrough-none\">Identificar la luz como fuente de energ\u00eda<\/span><\/li><li class=\"cvGsUA direction-ltr align-justify para-style-body\"><span class=\"OYPEnA text-decoration-none text-strikethrough-none\">Identificar la luz solar como energ\u00eda renovable<\/span><\/li><li class=\"cvGsUA direction-ltr align-justify para-style-body\"><span class=\"OYPEnA text-decoration-none text-strikethrough-none\">Nombrar cuerpos\/objetos que emiten luz<\/span><\/li><li class=\"cvGsUA direction-ltr align-justify para-style-body\"><span class=\"OYPEnA text-decoration-none text-strikethrough-none\">Clasificar materiales como opacos, transl\u00facidos y transparentes<\/span><\/li><li class=\"cvGsUA direction-ltr align-justify para-style-body\"><span class=\"OYPEnA text-decoration-none text-strikethrough-none\">Distinguir fen\u00f3menos de reflexi\u00f3n y refracci\u00f3n en situaciones cotidianas<\/span><\/li><li class=\"cvGsUA direction-ltr align-justify para-style-body\"><span class=\"OYPEnA text-decoration-none text-strikethrough-none\">Describir con correcci\u00f3n cient\u00edfica y vocabulario adecuado lo ocurrido en un experimento<\/span><\/li><li class=\"cvGsUA direction-ltr align-justify para-style-body\"><span class=\"OYPEnA text-decoration-none text-strikethrough-none\">Formular preguntas mostrando inter\u00e9s y curiosidad<\/span><\/li><\/ul>\t\t\t\t\t\t\t\t<\/div>\n\t\t\t\t<\/div>\n\t\t\t\t\t<\/div>\n\t\t<\/div>\n\t\t\t\t\t<\/div>\n\t\t<\/section>\n\t\t\t\t<section class=\"elementor-section elementor-top-section elementor-element elementor-element-53813f0 elementor-section-boxed elementor-section-height-default elementor-section-height-default\" data-id=\"53813f0\" data-element_type=\"section\" data-e-type=\"section\">\n\t\t\t\t\t\t<div class=\"elementor-container elementor-column-gap-default\">\n\t\t\t\t\t<div class=\"elementor-column elementor-col-100 elementor-top-column elementor-element elementor-element-0564e60\" data-id=\"0564e60\" data-element_type=\"column\" data-e-type=\"column\">\n\t\t\t<div class=\"elementor-widget-wrap elementor-element-populated\">\n\t\t\t\t\t\t<div class=\"elementor-element elementor-element-c74ca20 elementor-align-center elementor-widget elementor-widget-button\" data-id=\"c74ca20\" data-element_type=\"widget\" data-e-type=\"widget\" data-widget_type=\"button.default\">\n\t\t\t\t<div class=\"elementor-widget-container\">\n\t\t\t\t\t\t\t\t\t<div class=\"elementor-button-wrapper\">\n\t\t\t\t\t<a class=\"elementor-button elementor-button-link elementor-size-md\" href=\"https:\/\/forms.office.com\/e\/hJ9v8vxuzn\">\n\t\t\t\t\t\t<span class=\"elementor-button-content-wrapper\">\n\t\t\t\t\t\t\t\t\t<span class=\"elementor-button-text\">Descargar Gu\u00eda<\/span>\n\t\t\t\t\t<\/span>\n\t\t\t\t\t<\/a>\n\t\t\t\t<\/div>\n\t\t\t\t\t\t\t\t<\/div>\n\t\t\t\t<\/div>\n\t\t\t\t\t<\/div>\n\t\t<\/div>\n\t\t\t\t\t<\/div>\n\t\t<\/section>\n\t\t\t\t<\/div>\n\t\t","protected":false},"excerpt":{"rendered":"<p>\/*! elementor &#8211; v3.20.0 &#8211; 26-03-2024 *\/ .elementor-widget-image{text-align:center}.elementor-widget-image a{display:inline-block}.elementor-widget-image a img[src$=\u00bb.svg\u00bb]{width:48px}.elementor-widget-image img{vertical-align:middle;display:inline-block} Ciclo: 1\u00ba ciclo de Primaria. Contenidos asociados: Ciencias de la Naturaleza y Tecnolog\u00eda.\u00a0 Gu\u00eda para el profesor: Instrucciones y consejos para llevar a cabo el taller de manera independiente en el aula. Descripci\u00f3n:\u00a0 En estas sesiones se trabaja la luz como fuente de [&hellip;]<\/p>\n","protected":false},"author":70,"featured_media":0,"comment_status":"closed","ping_status":"closed","sticky":false,"template":"","format":"standard","meta":{"site-sidebar-layout":"default","site-content-layout":"","ast-site-content-layout":"default","site-content-style":"default","site-sidebar-style":"default","ast-global-header-display":"","ast-banner-title-visibility":"","ast-main-header-display":"","ast-hfb-above-header-display":"","ast-hfb-below-header-display":"","ast-hfb-mobile-header-display":"","site-post-title":"","ast-breadcrumbs-content":"","ast-featured-img":"","footer-sml-layout":"","theme-transparent-header-meta":"","adv-header-id-meta":"","stick-header-meta":"","header-above-stick-meta":"","header-main-stick-meta":"","header-below-stick-meta":"","astra-migrate-meta-layouts":"set","ast-page-background-enabled":"default","ast-page-background-meta":{"desktop":{"background-color":"","background-image":"","background-repeat":"repeat","background-position":"center center","background-size":"auto","background-attachment":"scroll","background-type":"","background-media":"","overlay-type":"","overlay-color":"","overlay-opacity":"","overlay-gradient":""},"tablet":{"background-color":"","background-image":"","background-repeat":"repeat","background-position":"center center","background-size":"auto","background-attachment":"scroll","background-type":"","background-media":"","overlay-type":"","overlay-color":"","overlay-opacity":"","overlay-gradient":""},"mobile":{"background-color":"","background-image":"","background-repeat":"repeat","background-position":"center center","background-size":"auto","background-attachment":"scroll","background-type":"","background-media":"","overlay-type":"","overlay-color":"","overlay-opacity":"","overlay-gradient":""}},"ast-content-background-meta":{"desktop":{"background-color":"var(--ast-global-color-5)","background-image":"","background-repeat":"repeat","background-position":"center center","background-size":"auto","background-attachment":"scroll","background-type":"","background-media":"","overlay-type":"","overlay-color":"","overlay-opacity":"","overlay-gradient":""},"tablet":{"background-color":"var(--ast-global-color-5)","background-image":"","background-repeat":"repeat","background-position":"center center","background-size":"auto","background-attachment":"scroll","background-type":"","background-media":"","overlay-type":"","overlay-color":"","overlay-opacity":"","overlay-gradient":""},"mobile":{"background-color":"var(--ast-global-color-5)","background-image":"","background-repeat":"repeat","background-position":"center center","background-size":"auto","background-attachment":"scroll","background-type":"","background-media":"","overlay-type":"","overlay-color":"","overlay-opacity":"","overlay-gradient":""}},"footnotes":""},"categories":[1],"tags":[],"class_list":["post-5742","post","type-post","status-publish","format-standard","hentry","category-sin-categoria"],"featured_image_src":null,"author_info":{"display_name":"catedrastemmujer","author_link":"https:\/\/catalogostemmujer.comillas.edu\/?author=70"},"_links":{"self":[{"href":"https:\/\/catalogostemmujer.comillas.edu\/index.php?rest_route=\/wp\/v2\/posts\/5742","targetHints":{"allow":["GET"]}}],"collection":[{"href":"https:\/\/catalogostemmujer.comillas.edu\/index.php?rest_route=\/wp\/v2\/posts"}],"about":[{"href":"https:\/\/catalogostemmujer.comillas.edu\/index.php?rest_route=\/wp\/v2\/types\/post"}],"author":[{"embeddable":true,"href":"https:\/\/catalogostemmujer.comillas.edu\/index.php?rest_route=\/wp\/v2\/users\/70"}],"replies":[{"embeddable":true,"href":"https:\/\/catalogostemmujer.comillas.edu\/index.php?rest_route=%2Fwp%2Fv2%2Fcomments&post=5742"}],"version-history":[{"count":5,"href":"https:\/\/catalogostemmujer.comillas.edu\/index.php?rest_route=\/wp\/v2\/posts\/5742\/revisions"}],"predecessor-version":[{"id":5784,"href":"https:\/\/catalogostemmujer.comillas.edu\/index.php?rest_route=\/wp\/v2\/posts\/5742\/revisions\/5784"}],"wp:attachment":[{"href":"https:\/\/catalogostemmujer.comillas.edu\/index.php?rest_route=%2Fwp%2Fv2%2Fmedia&parent=5742"}],"wp:term":[{"taxonomy":"category","embeddable":true,"href":"https:\/\/catalogostemmujer.comillas.edu\/index.php?rest_route=%2Fwp%2Fv2%2Fcategories&post=5742"},{"taxonomy":"post_tag","embeddable":true,"href":"https:\/\/catalogostemmujer.comillas.edu\/index.php?rest_route=%2Fwp%2Fv2%2Ftags&post=5742"}],"curies":[{"name":"wp","href":"https:\/\/api.w.org\/{rel}","templated":true}]}}